{"id":1379,"date":"2018-03-28T17:34:45","date_gmt":"2018-03-28T15:34:45","guid":{"rendered":"http:\/\/reaumur-saintemarie.fr\/?p=1379"},"modified":"2018-03-28T17:34:45","modified_gmt":"2018-03-28T15:34:45","slug":"expose-sur-le-metier-de-coiffeur-presente-par-rosemarie","status":"publish","type":"post","link":"https:\/\/reaumur-saintemarie.fr\/index.php\/2018\/03\/28\/expose-sur-le-metier-de-coiffeur-presente-par-rosemarie\/","title":{"rendered":"Expos\u00e9 sur le m\u00e9tier de coiffeur pr\u00e9sent\u00e9 par Rosemarie"},"content":{"rendered":"<p>Depuis le mois de janvier, les \u00e9l\u00e8ves de CM pr\u00e9parent un dossier sur un m\u00e9tier. Ils doivent ensuite le pr\u00e9senter \u00e0 toute la classe. Apr\u00e8s l&#8217;oral, l&#8217;\u00e9l\u00e8ve laisse son dossier dans la classe afin qu&#8217;il soit consult\u00e9 par les autres.<\/p>\n<p>Mardi 27 mars, Rosemarie nous a pr\u00e9sent\u00e9 le m\u00e9tier de coiffeur.<\/p>\n<p><img loading=\"lazy\" decoding=\"async\" class=\"alignnone size-medium wp-image-1380\" src=\"http:\/\/reaumur-saintemarie.fr\/wp-content\/uploads\/2018\/03\/20180328_172749-225x300.jpg\" alt=\"\" width=\"225\" height=\"300\" \/> \u00a0 \u00a0 <img loading=\"lazy\" decoding=\"async\" class=\"alignnone size-medium wp-image-1381\" src=\"http:\/\/reaumur-saintemarie.fr\/wp-content\/uploads\/2018\/03\/20180328_172759-225x300.jpg\" alt=\"\" width=\"225\" height=\"300\" \/>\u00a0\u00a0\u00a0\u00a0 <img loading=\"lazy\" decoding=\"async\" class=\"alignnone size-medium wp-image-1382\" src=\"http:\/\/reaumur-saintemarie.fr\/wp-content\/uploads\/2018\/03\/20180328_172805-225x300.jpg\" alt=\"\" width=\"225\" height=\"300\" \/><\/p>\n<p><img loading=\"lazy\" decoding=\"async\" class=\"alignnone size-medium wp-image-1383\" src=\"http:\/\/reaumur-saintemarie.fr\/wp-content\/uploads\/2018\/03\/20180328_172810-225x300.jpg\" alt=\"\" width=\"225\" height=\"300\" \/> \u00a0 \u00a0 <img loading=\"lazy\" decoding=\"async\" class=\"alignnone size-medium wp-image-1384\" src=\"http:\/\/reaumur-saintemarie.fr\/wp-content\/uploads\/2018\/03\/20180328_172816-225x300.jpg\" alt=\"\" width=\"225\" height=\"300\" \/> \u00a0 \u00a0\u00a0 <img loading=\"lazy\" decoding=\"async\" class=\"alignnone size-medium wp-image-1385\" src=\"http:\/\/reaumur-saintemarie.fr\/wp-content\/uploads\/2018\/03\/20180328_172822-225x300.jpg\" alt=\"\" width=\"225\" height=\"300\" \/><\/p>\n<p><img loading=\"lazy\" decoding=\"async\" class=\"alignnone size-medium wp-image-1386\" src=\"http:\/\/reaumur-saintemarie.fr\/wp-content\/uploads\/2018\/03\/20180328_172827-225x300.jpg\" alt=\"\" width=\"225\" height=\"300\" \/> \u00a0 \u00a0 <img loading=\"lazy\" decoding=\"async\" class=\"alignnone size-medium wp-image-1387\" src=\"http:\/\/reaumur-saintemarie.fr\/wp-content\/uploads\/2018\/03\/20180328_172832-225x300.jpg\" alt=\"\" width=\"225\" height=\"300\" \/> \u00a0\u00a0 <img loading=\"lazy\" decoding=\"async\" class=\"alignnone size-medium wp-image-1388\" src=\"http:\/\/reaumur-saintemarie.fr\/wp-content\/uploads\/2018\/03\/20180328_172839-225x300.jpg\" alt=\"\" width=\"225\" height=\"300\" \/> <img loading=\"lazy\" decoding=\"async\" class=\"alignnone size-medium wp-image-1389 aligncenter\" src=\"http:\/\/reaumur-saintemarie.fr\/wp-content\/uploads\/2018\/03\/20180328_172937-225x300.jpg\" alt=\"\" width=\"225\" height=\"300\" srcset=\"https:\/\/reaumur-saintemarie.fr\/wp-content\/uploads\/2018\/03\/20180328_172937-225x300.jpg 225w, https:\/\/reaumur-saintemarie.fr\/wp-content\/uploads\/2018\/03\/20180328_172937-113x150.jpg 113w, https:\/\/reaumur-saintemarie.fr\/wp-content\/uploads\/2018\/03\/20180328_172937.jpg 576w\" sizes=\"auto, (max-width: 225px) 100vw, 225px\" \/><\/p>\n<p style=\"text-align: center;\">Bravo pour cet expos\u00e9 !<\/p>\n","protected":false},"excerpt":{"rendered":"<p>Depuis le mois de janvier, les \u00e9l\u00e8ves de CM pr\u00e9parent un dossier sur un m\u00e9tier. Ils doivent ensuite le pr\u00e9senter \u00e0 toute la classe. Apr\u00e8s l&#8217;oral, l&#8217;\u00e9l\u00e8ve laisse son dossier dans la classe afin qu&#8217;il soit consult\u00e9 par les autres. Mardi 27 mars, Rosemarie nous a pr\u00e9sent\u00e9 le m\u00e9tier de\u2026<\/p>\n<p class=\"continue-reading-button\"> <a class=\"continue-reading-link\" href=\"https:\/\/reaumur-saintemarie.fr\/index.php\/2018\/03\/28\/expose-sur-le-metier-de-coiffeur-presente-par-rosemarie\/\">Lire la suite&#8230;<i class=\"crycon-right-dir\"><\/i><\/a><\/p>\n","protected":false},"author":9,"featured_media":0,"comment_status":"closed","ping_status":"closed","sticky":false,"template":"","format":"standard","meta":{"ngg_post_thumbnail":0,"footnotes":""},"categories":[25],"tags":[],"class_list":["post-1379","post","type-post","status-publish","format-standard","hentry","category-les-exposes"],"_links":{"self":[{"href":"https:\/\/reaumur-saintemarie.fr\/index.php\/wp-json\/wp\/v2\/posts\/1379","targetHints":{"allow":["GET"]}}],"collection":[{"href":"https:\/\/reaumur-saintemarie.fr\/index.php\/wp-json\/wp\/v2\/posts"}],"about":[{"href":"https:\/\/reaumur-saintemarie.fr\/index.php\/wp-json\/wp\/v2\/types\/post"}],"author":[{"embeddable":true,"href":"https:\/\/reaumur-saintemarie.fr\/index.php\/wp-json\/wp\/v2\/users\/9"}],"replies":[{"embeddable":true,"href":"https:\/\/reaumur-saintemarie.fr\/index.php\/wp-json\/wp\/v2\/comments?post=1379"}],"version-history":[{"count":1,"href":"https:\/\/reaumur-saintemarie.fr\/index.php\/wp-json\/wp\/v2\/posts\/1379\/revisions"}],"predecessor-version":[{"id":1390,"href":"https:\/\/reaumur-saintemarie.fr\/index.php\/wp-json\/wp\/v2\/posts\/1379\/revisions\/1390"}],"wp:attachment":[{"href":"https:\/\/reaumur-saintemarie.fr\/index.php\/wp-json\/wp\/v2\/media?parent=1379"}],"wp:term":[{"taxonomy":"category","embeddable":true,"href":"https:\/\/reaumur-saintemarie.fr\/index.php\/wp-json\/wp\/v2\/categories?post=1379"},{"taxonomy":"post_tag","embeddable":true,"href":"https:\/\/reaumur-saintemarie.fr\/index.php\/wp-json\/wp\/v2\/tags?post=1379"}],"curies":[{"name":"wp","href":"https:\/\/api.w.org\/{rel}","templated":true}]}}